{"id":2345,"date":"2025-06-18T09:08:13","date_gmt":"2025-06-18T09:08:13","guid":{"rendered":"https:\/\/www.spottergps.com\/es\/?p=2345"},"modified":"2025-06-18T09:08:15","modified_gmt":"2025-06-18T09:08:15","slug":"consejos-practicos-para-cuidar-a-padres-con-demencia","status":"publish","type":"post","link":"https:\/\/www.spottergps.com\/es\/2025\/06\/18\/consejos-practicos-para-cuidar-a-padres-con-demencia\/","title":{"rendered":"Consejos pr\u00e1cticos para cuidar a padres con demencia"},"content":{"rendered":"\n<p data-start=\"235\" data-end=\"758\">Cuidar de un padre con demencia es una tarea emocional y f\u00edsicamente exigente. Requiere encontrar un equilibrio entre el apoyo pr\u00e1ctico y mantener una relaci\u00f3n c\u00e1lida y comprensiva. Comprender qu\u00e9 es la demencia es un primer paso fundamental. La demencia es una enfermedad progresiva que afecta la memoria, la capacidad de pensar y el comportamiento. Conocer los s\u00edntomas y las fases de la demencia te permite responder mejor a las necesidades de tu padre o madre.<\/p>\n<p data-start=\"760\" data-end=\"965\">Afortunadamente, existen muchas organizaciones y plataformas en l\u00ednea que ofrecen informaci\u00f3n fiable sobre c\u00f3mo afrontar la demencia. Informarte bien aumentar\u00e1 tu confianza y tus capacidades como cuidador.<\/p>\n<h3 data-start=\"967\" data-end=\"1319\"><strong data-start=\"967\" data-end=\"1015\">Estructura, comunicaci\u00f3n y apoyo profesional<\/strong><\/h3>\n<p data-start=\"967\" data-end=\"1319\">Las personas con demencia se benefician enormemente de una rutina estructurada. Establecer horarios fijos para actividades cotidianas \u2014como las comidas, los paseos o el descanso\u2014 aporta tranquilidad y previsibilidad. Un entorno familiar, con objetos reconocibles, tambi\u00e9n ayuda a reducir la confusi\u00f3n.<\/p>\n<p data-start=\"1321\" data-end=\"1602\">Una comunicaci\u00f3n efectiva es esencial. Habla con calma, usa frases cortas y sencillas, y evita corregir a tu familiar si dice algo incorrecto. Esto previene la frustraci\u00f3n. Escuchar con paciencia y mostrar comprensi\u00f3n favorece una interacci\u00f3n positiva y una sensaci\u00f3n de seguridad.<\/p>\n<p data-start=\"1604\" data-end=\"1941\">Tambi\u00e9n puedes considerar recurrir a ayuda profesional. Desde servicios de atenci\u00f3n domiciliaria hasta centros de d\u00eda o residencias especializadas, compartir la responsabilidad del cuidado te permitir\u00e1 descansar y mejorar\u00e1 la calidad de la atenci\u00f3n. Los profesionales tienen experiencia con los retos espec\u00edficos que implica la demencia.<\/p>\n<p data-start=\"1943\" data-end=\"2432\">La tecnolog\u00eda moderna puede ser una aliada clave. Un localizador GPS para personas con demencia\u00a0es una herramienta pr\u00e1ctica para garantizar la seguridad de tu padre o madre. Estos dispositivos permiten conocer su ubicaci\u00f3n en todo momento, algo especialmente \u00fatil en casos de deambulaci\u00f3n. Un <a href=\"https:\/\/www.spottergps.com\/es\/reloj-gps-alzheimer\/\">dispositivo GPS para demencia<\/a> puede incluir funciones adicionales como bot\u00f3n SOS o pod\u00f3metro, lo que favorece la autonom\u00eda de la persona mayor.<\/p>\n<p data-start=\"3775\" data-end=\"3925\">\u00a0<\/p>\n\n\n\n<div class=\"wp-block-columns is-layout-flex wp-container-core-columns-is-layout-9d6595d7 wp-block-columns-is-layout-flex\">\n<div class=\"wp-block-column is-layout-flow wp-block-column-is-layout-flow\" style=\"flex-basis:50%\">\n<figure class=\"wp-block-image size-large is-resized\"><img loading=\"lazy\" decoding=\"async\" width=\"1024\" height=\"1024\" src=\"https:\/\/www.spottergps.com\/es\/wp-content\/uploads\/sites\/7\/2025\/06\/localizador-para-personas-con-alzheimer-spotter-1024x1024.jpg\" alt=\"\" class=\"wp-image-2346\" style=\"width:410px;height:auto\" srcset=\"https:\/\/www.spottergps.com\/es\/wp-content\/uploads\/sites\/7\/2025\/06\/localizador-para-personas-con-alzheimer-spotter-1024x1024.jpg 1024w, https:\/\/www.spottergps.com\/es\/wp-content\/uploads\/sites\/7\/2025\/06\/localizador-para-personas-con-alzheimer-spotter-300x300.jpg 300w, https:\/\/www.spottergps.com\/es\/wp-content\/uploads\/sites\/7\/2025\/06\/localizador-para-personas-con-alzheimer-spotter-150x150.jpg 150w, https:\/\/www.spottergps.com\/es\/wp-content\/uploads\/sites\/7\/2025\/06\/localizador-para-personas-con-alzheimer-spotter-768x768.jpg 768w, https:\/\/www.spottergps.com\/es\/wp-content\/uploads\/sites\/7\/2025\/06\/localizador-para-personas-con-alzheimer-spotter-1536x1536.jpg 1536w, https:\/\/www.spottergps.com\/es\/wp-content\/uploads\/sites\/7\/2025\/06\/localizador-para-personas-con-alzheimer-spotter.jpg 1600w\" sizes=\"auto, (max-width: 1024px) 100vw, 1024px\" \/><\/figure>\n<\/div>\n\n\n\n<div class=\"wp-block-column is-layout-flow wp-block-column-is-layout-flow\" style=\"flex-basis:50%\">\n<h3 data-start=\"2434\" data-end=\"2790\"><strong data-start=\"2434\" data-end=\"2474\">Cu\u00eddate y planifica con anticipaci\u00f3n<br \/><\/strong><\/h3>\n<p data-start=\"2434\" data-end=\"2790\"><span style=\"font-size: revert;color: revert\">Como cuidador, es fundamental que tambi\u00e9n cuides de ti mismo. La carga emocional y f\u00edsica puede ser alta, por lo que es importante reservar tiempo para relajarte, mantener el contacto con amigos y no tener miedo de pedir ayuda. Hablar con otras personas que est\u00e9n en la misma situaci\u00f3n puede brindar mucho alivio.<\/span><strong data-start=\"2434\" data-end=\"2474\"><br \/><\/strong><\/p>\n<p data-start=\"2792\" data-end=\"3030\">Al mismo tiempo, es esencial respetar la dignidad y autonom\u00eda de tu ser querido. An\u00edmale a participar en la toma de decisiones y en las actividades diarias, siempre que sea posible. Esto refuerza su autoestima y mejora su calidad de vida.<\/p>\n<p data-start=\"3032\" data-end=\"3386\">Dado que la demencia avanza con el tiempo, las necesidades de cuidado aumentar\u00e1n. Prepararse para el futuro \u2014por ejemplo, en temas legales y financieros\u2014 ayuda a reducir el estr\u00e9s y mantener el control. Tambi\u00e9n puede ser \u00fatil involucrarse en iniciativas comunitarias o construir una red de apoyo social, lo que aporta ayuda tanto emocional como pr\u00e1ctica.<\/p>\n<\/div>\n<\/div>\n\n\n\n<h3 data-start=\"3388\" data-end=\"3773\"><strong data-start=\"3388\" data-end=\"3402\">Conclusi\u00f3n<\/strong><\/h3>\n<p data-start=\"3388\" data-end=\"3773\">Cuidar de un padre con demencia es un proceso complejo, pero tambi\u00e9n profundamente significativo. Requiere comprensi\u00f3n, estructura y apoyo. Herramientas tecnol\u00f3gicas como un <a href=\"https:\/\/www.spottergps.com\/es\/reloj-gps-alzheimer\/\">localizador GPS para personas con demencia\u00a0<\/a>pueden ayudarte a mantener la seguridad y aportar tranquilidad, tanto a tu ser querido como a ti como cuidador.<\/p>\n<p data-start=\"3775\" data-end=\"3925\">Al equilibrar la atenci\u00f3n pr\u00e1ctica y emocional, puedes seguir construyendo un entorno amoroso y estable donde el bienestar de todos est\u00e9 en el centro.<\/p>\n","protected":false},"excerpt":{"rendered":"<p>Cuidar de un padre con demencia es una tarea emocional y f\u00edsicamente exigente. Requiere encontrar un equilibrio entre el apoyo pr\u00e1ctico y mantener una relaci\u00f3n c\u00e1lida y comprensiva. Comprender qu\u00e9 es la demencia es un primer paso fundamental. La demencia es una enfermedad progresiva que afecta la memoria, la capacidad de pensar y el comportamiento. [&hellip;]<\/p>\n","protected":false},"author":14,"featured_media":2347,"comment_status":"open","ping_status":"open","sticky":false,"template":"","format":"standard","meta":{"_acf_changed":false,"footnotes":""},"categories":[1],"tags":[],"class_list":["post-2345","post","type-post","status-publish","format-standard","has-post-thumbnail","hentry","category-niet-gecategoriseerd"],"acf":[],"yoast_head":"<!-- This site is optimized with the Yoast SEO plugin v25.9 - https:\/\/yoast.com\/wordpress\/plugins\/seo\/ -->\n<title>Consejos pr\u00e1cticos para cuidar a padres con demencia - Spotter Spain<\/title>\n<meta name=\"robots\" content=\"index, follow, max-snippet:-1, max-image-preview:large, max-video-preview:-1\" \/>\n<link rel=\"canonical\" href=\"https:\/\/www.spottergps.com\/es\/2025\/06\/18\/consejos-practicos-para-cuidar-a-padres-con-demencia\/\" \/>\n<meta property=\"og:locale\" content=\"es_ES\" \/>\n<meta property=\"og:type\" content=\"article\" \/>\n<meta property=\"og:title\" content=\"Consejos pr\u00e1cticos para cuidar a padres con demencia - Spotter Spain\" \/>\n<meta property=\"og:description\" content=\"Cuidar de un padre con demencia es una tarea emocional y f\u00edsicamente exigente. Requiere encontrar un equilibrio entre el apoyo pr\u00e1ctico y mantener una relaci\u00f3n c\u00e1lida y comprensiva. Comprender qu\u00e9 es la demencia es un primer paso fundamental. La demencia es una enfermedad progresiva que afecta la memoria, la capacidad de pensar y el comportamiento. [&hellip;]\" \/>\n<meta property=\"og:url\" content=\"https:\/\/www.spottergps.com\/es\/2025\/06\/18\/consejos-practicos-para-cuidar-a-padres-con-demencia\/\" \/>\n<meta property=\"og:site_name\" content=\"Spotter Spain\" \/>\n<meta property=\"article:published_time\" content=\"2025-06-18T09:08:13+00:00\" \/>\n<meta property=\"article:modified_time\" content=\"2025-06-18T09:08:15+00:00\" \/>\n<meta property=\"og:image\" content=\"https:\/\/www.spottergps.com\/es\/wp-content\/uploads\/sites\/7\/2025\/06\/gps-para-personas-con-alzheimer-spotter.jpg\" \/>\n\t<meta property=\"og:image:width\" content=\"1000\" \/>\n\t<meta property=\"og:image:height\" content=\"667\" \/>\n\t<meta property=\"og:image:type\" content=\"image\/jpeg\" \/>\n<meta name=\"author\" content=\"max1\" \/>\n<meta name=\"twitter:card\" content=\"summary_large_image\" \/>\n<meta name=\"twitter:label1\" content=\"Escrito por\" \/>\n\t<meta name=\"twitter:data1\" content=\"max1\" \/>\n\t<meta name=\"twitter:label2\" content=\"Tiempo de lectura\" \/>\n\t<meta name=\"twitter:data2\" content=\"3 minutes\" \/>\n<script type=\"application\/ld+json\" class=\"yoast-schema-graph\">{\"@context\":\"https:\/\/schema.org\",\"@graph\":[{\"@type\":\"Article\",\"@id\":\"https:\/\/www.spottergps.com\/es\/2025\/06\/18\/consejos-practicos-para-cuidar-a-padres-con-demencia\/#article\",\"isPartOf\":{\"@id\":\"https:\/\/www.spottergps.com\/es\/2025\/06\/18\/consejos-practicos-para-cuidar-a-padres-con-demencia\/\"},\"author\":{\"name\":\"max1\",\"@id\":\"https:\/\/www.spottergps.com\/es\/#\/schema\/person\/40a3c03adcfdc9558cb15c2158740715\"},\"headline\":\"Consejos pr\u00e1cticos para cuidar a padres con demencia\",\"datePublished\":\"2025-06-18T09:08:13+00:00\",\"dateModified\":\"2025-06-18T09:08:15+00:00\",\"mainEntityOfPage\":{\"@id\":\"https:\/\/www.spottergps.com\/es\/2025\/06\/18\/consejos-practicos-para-cuidar-a-padres-con-demencia\/\"},\"wordCount\":587,\"commentCount\":0,\"publisher\":{\"@id\":\"https:\/\/www.spottergps.com\/es\/#organization\"},\"image\":{\"@id\":\"https:\/\/www.spottergps.com\/es\/2025\/06\/18\/consejos-practicos-para-cuidar-a-padres-con-demencia\/#primaryimage\"},\"thumbnailUrl\":\"https:\/\/www.spottergps.com\/es\/wp-content\/uploads\/sites\/7\/2025\/06\/gps-para-personas-con-alzheimer-spotter.jpg\",\"articleSection\":[\"Niet gecategoriseerd\"],\"inLanguage\":\"es-ES\",\"potentialAction\":[{\"@type\":\"CommentAction\",\"name\":\"Comment\",\"target\":[\"https:\/\/www.spottergps.com\/es\/2025\/06\/18\/consejos-practicos-para-cuidar-a-padres-con-demencia\/#respond\"]}]},{\"@type\":\"WebPage\",\"@id\":\"https:\/\/www.spottergps.com\/es\/2025\/06\/18\/consejos-practicos-para-cuidar-a-padres-con-demencia\/\",\"url\":\"https:\/\/www.spottergps.com\/es\/2025\/06\/18\/consejos-practicos-para-cuidar-a-padres-con-demencia\/\",\"name\":\"Consejos pr\u00e1cticos para cuidar a padres con demencia - Spotter Spain\",\"isPartOf\":{\"@id\":\"https:\/\/www.spottergps.com\/es\/#website\"},\"primaryImageOfPage\":{\"@id\":\"https:\/\/www.spottergps.com\/es\/2025\/06\/18\/consejos-practicos-para-cuidar-a-padres-con-demencia\/#primaryimage\"},\"image\":{\"@id\":\"https:\/\/www.spottergps.com\/es\/2025\/06\/18\/consejos-practicos-para-cuidar-a-padres-con-demencia\/#primaryimage\"},\"thumbnailUrl\":\"https:\/\/www.spottergps.com\/es\/wp-content\/uploads\/sites\/7\/2025\/06\/gps-para-personas-con-alzheimer-spotter.jpg\",\"datePublished\":\"2025-06-18T09:08:13+00:00\",\"dateModified\":\"2025-06-18T09:08:15+00:00\",\"breadcrumb\":{\"@id\":\"https:\/\/www.spottergps.com\/es\/2025\/06\/18\/consejos-practicos-para-cuidar-a-padres-con-demencia\/#breadcrumb\"},\"inLanguage\":\"es-ES\",\"potentialAction\":[{\"@type\":\"ReadAction\",\"target\":[\"https:\/\/www.spottergps.com\/es\/2025\/06\/18\/consejos-practicos-para-cuidar-a-padres-con-demencia\/\"]}]},{\"@type\":\"ImageObject\",\"inLanguage\":\"es-ES\",\"@id\":\"https:\/\/www.spottergps.com\/es\/2025\/06\/18\/consejos-practicos-para-cuidar-a-padres-con-demencia\/#primaryimage\",\"url\":\"https:\/\/www.spottergps.com\/es\/wp-content\/uploads\/sites\/7\/2025\/06\/gps-para-personas-con-alzheimer-spotter.jpg\",\"contentUrl\":\"https:\/\/www.spottergps.com\/es\/wp-content\/uploads\/sites\/7\/2025\/06\/gps-para-personas-con-alzheimer-spotter.jpg\",\"width\":1000,\"height\":667,\"caption\":\"gps para personas con alzheimer - spotter\"},{\"@type\":\"BreadcrumbList\",\"@id\":\"https:\/\/www.spottergps.com\/es\/2025\/06\/18\/consejos-practicos-para-cuidar-a-padres-con-demencia\/#breadcrumb\",\"itemListElement\":[{\"@type\":\"ListItem\",\"position\":1,\"name\":\"Home\",\"item\":\"https:\/\/www.spottergps.com\/es\/\"},{\"@type\":\"ListItem\",\"position\":2,\"name\":\"Consejos pr\u00e1cticos para cuidar a padres con demencia\"}]},{\"@type\":\"WebSite\",\"@id\":\"https:\/\/www.spottergps.com\/es\/#website\",\"url\":\"https:\/\/www.spottergps.com\/es\/\",\"name\":\"Spotter Spain\",\"description\":\"Para todo lo que amas\",\"publisher\":{\"@id\":\"https:\/\/www.spottergps.com\/es\/#organization\"},\"potentialAction\":[{\"@type\":\"SearchAction\",\"target\":{\"@type\":\"EntryPoint\",\"urlTemplate\":\"https:\/\/www.spottergps.com\/es\/?s={search_term_string}\"},\"query-input\":{\"@type\":\"PropertyValueSpecification\",\"valueRequired\":true,\"valueName\":\"search_term_string\"}}],\"inLanguage\":\"es-ES\"},{\"@type\":\"Organization\",\"@id\":\"https:\/\/www.spottergps.com\/es\/#organization\",\"name\":\"Spotter B.V.\",\"url\":\"https:\/\/www.spottergps.com\/es\/\",\"logo\":{\"@type\":\"ImageObject\",\"inLanguage\":\"es-ES\",\"@id\":\"https:\/\/www.spottergps.com\/es\/#\/schema\/logo\/image\/\",\"url\":\"https:\/\/www.spottergps.com\/es\/wp-content\/uploads\/sites\/7\/2023\/09\/Spotter_logo.png\",\"contentUrl\":\"https:\/\/www.spottergps.com\/es\/wp-content\/uploads\/sites\/7\/2023\/09\/Spotter_logo.png\",\"width\":1500,\"height\":696,\"caption\":\"Spotter B.V.\"},\"image\":{\"@id\":\"https:\/\/www.spottergps.com\/es\/#\/schema\/logo\/image\/\"}},{\"@type\":\"Person\",\"@id\":\"https:\/\/www.spottergps.com\/es\/#\/schema\/person\/40a3c03adcfdc9558cb15c2158740715\",\"name\":\"max1\",\"image\":{\"@type\":\"ImageObject\",\"inLanguage\":\"es-ES\",\"@id\":\"https:\/\/www.spottergps.com\/es\/#\/schema\/person\/image\/\",\"url\":\"https:\/\/secure.gravatar.com\/avatar\/f4370207757df138760d16dfb974c571f0b54ccbf97f0ea5cad815eb078fc014?s=96&d=mm&r=g\",\"contentUrl\":\"https:\/\/secure.gravatar.com\/avatar\/f4370207757df138760d16dfb974c571f0b54ccbf97f0ea5cad815eb078fc014?s=96&d=mm&r=g\",\"caption\":\"max1\"},\"url\":\"https:\/\/www.spottergps.com\/es\/author\/max1\/\"}]}<\/script>\n<!-- \/ Yoast SEO plugin. -->","yoast_head_json":{"title":"Consejos pr\u00e1cticos para cuidar a padres con demencia - Spotter Spain","robots":{"index":"index","follow":"follow","max-snippet":"max-snippet:-1","max-image-preview":"max-image-preview:large","max-video-preview":"max-video-preview:-1"},"canonical":"https:\/\/www.spottergps.com\/es\/2025\/06\/18\/consejos-practicos-para-cuidar-a-padres-con-demencia\/","og_locale":"es_ES","og_type":"article","og_title":"Consejos pr\u00e1cticos para cuidar a padres con demencia - Spotter Spain","og_description":"Cuidar de un padre con demencia es una tarea emocional y f\u00edsicamente exigente. Requiere encontrar un equilibrio entre el apoyo pr\u00e1ctico y mantener una relaci\u00f3n c\u00e1lida y comprensiva. Comprender qu\u00e9 es la demencia es un primer paso fundamental. La demencia es una enfermedad progresiva que afecta la memoria, la capacidad de pensar y el comportamiento. [&hellip;]","og_url":"https:\/\/www.spottergps.com\/es\/2025\/06\/18\/consejos-practicos-para-cuidar-a-padres-con-demencia\/","og_site_name":"Spotter Spain","article_published_time":"2025-06-18T09:08:13+00:00","article_modified_time":"2025-06-18T09:08:15+00:00","og_image":[{"width":1000,"height":667,"url":"https:\/\/www.spottergps.com\/es\/wp-content\/uploads\/sites\/7\/2025\/06\/gps-para-personas-con-alzheimer-spotter.jpg","type":"image\/jpeg"}],"author":"max1","twitter_card":"summary_large_image","twitter_misc":{"Escrito por":"max1","Tiempo de lectura":"3 minutes"},"schema":{"@context":"https:\/\/schema.org","@graph":[{"@type":"Article","@id":"https:\/\/www.spottergps.com\/es\/2025\/06\/18\/consejos-practicos-para-cuidar-a-padres-con-demencia\/#article","isPartOf":{"@id":"https:\/\/www.spottergps.com\/es\/2025\/06\/18\/consejos-practicos-para-cuidar-a-padres-con-demencia\/"},"author":{"name":"max1","@id":"https:\/\/www.spottergps.com\/es\/#\/schema\/person\/40a3c03adcfdc9558cb15c2158740715"},"headline":"Consejos pr\u00e1cticos para cuidar a padres con demencia","datePublished":"2025-06-18T09:08:13+00:00","dateModified":"2025-06-18T09:08:15+00:00","mainEntityOfPage":{"@id":"https:\/\/www.spottergps.com\/es\/2025\/06\/18\/consejos-practicos-para-cuidar-a-padres-con-demencia\/"},"wordCount":587,"commentCount":0,"publisher":{"@id":"https:\/\/www.spottergps.com\/es\/#organization"},"image":{"@id":"https:\/\/www.spottergps.com\/es\/2025\/06\/18\/consejos-practicos-para-cuidar-a-padres-con-demencia\/#primaryimage"},"thumbnailUrl":"https:\/\/www.spottergps.com\/es\/wp-content\/uploads\/sites\/7\/2025\/06\/gps-para-personas-con-alzheimer-spotter.jpg","articleSection":["Niet gecategoriseerd"],"inLanguage":"es-ES","potentialAction":[{"@type":"CommentAction","name":"Comment","target":["https:\/\/www.spottergps.com\/es\/2025\/06\/18\/consejos-practicos-para-cuidar-a-padres-con-demencia\/#respond"]}]},{"@type":"WebPage","@id":"https:\/\/www.spottergps.com\/es\/2025\/06\/18\/consejos-practicos-para-cuidar-a-padres-con-demencia\/","url":"https:\/\/www.spottergps.com\/es\/2025\/06\/18\/consejos-practicos-para-cuidar-a-padres-con-demencia\/","name":"Consejos pr\u00e1cticos para cuidar a padres con demencia - Spotter Spain","isPartOf":{"@id":"https:\/\/www.spottergps.com\/es\/#website"},"primaryImageOfPage":{"@id":"https:\/\/www.spottergps.com\/es\/2025\/06\/18\/consejos-practicos-para-cuidar-a-padres-con-demencia\/#primaryimage"},"image":{"@id":"https:\/\/www.spottergps.com\/es\/2025\/06\/18\/consejos-practicos-para-cuidar-a-padres-con-demencia\/#primaryimage"},"thumbnailUrl":"https:\/\/www.spottergps.com\/es\/wp-content\/uploads\/sites\/7\/2025\/06\/gps-para-personas-con-alzheimer-spotter.jpg","datePublished":"2025-06-18T09:08:13+00:00","dateModified":"2025-06-18T09:08:15+00:00","breadcrumb":{"@id":"https:\/\/www.spottergps.com\/es\/2025\/06\/18\/consejos-practicos-para-cuidar-a-padres-con-demencia\/#breadcrumb"},"inLanguage":"es-ES","potentialAction":[{"@type":"ReadAction","target":["https:\/\/www.spottergps.com\/es\/2025\/06\/18\/consejos-practicos-para-cuidar-a-padres-con-demencia\/"]}]},{"@type":"ImageObject","inLanguage":"es-ES","@id":"https:\/\/www.spottergps.com\/es\/2025\/06\/18\/consejos-practicos-para-cuidar-a-padres-con-demencia\/#primaryimage","url":"https:\/\/www.spottergps.com\/es\/wp-content\/uploads\/sites\/7\/2025\/06\/gps-para-personas-con-alzheimer-spotter.jpg","contentUrl":"https:\/\/www.spottergps.com\/es\/wp-content\/uploads\/sites\/7\/2025\/06\/gps-para-personas-con-alzheimer-spotter.jpg","width":1000,"height":667,"caption":"gps para personas con alzheimer - spotter"},{"@type":"BreadcrumbList","@id":"https:\/\/www.spottergps.com\/es\/2025\/06\/18\/consejos-practicos-para-cuidar-a-padres-con-demencia\/#breadcrumb","itemListElement":[{"@type":"ListItem","position":1,"name":"Home","item":"https:\/\/www.spottergps.com\/es\/"},{"@type":"ListItem","position":2,"name":"Consejos pr\u00e1cticos para cuidar a padres con demencia"}]},{"@type":"WebSite","@id":"https:\/\/www.spottergps.com\/es\/#website","url":"https:\/\/www.spottergps.com\/es\/","name":"Spotter Spain","description":"Para todo lo que amas","publisher":{"@id":"https:\/\/www.spottergps.com\/es\/#organization"},"potentialAction":[{"@type":"SearchAction","target":{"@type":"EntryPoint","urlTemplate":"https:\/\/www.spottergps.com\/es\/?s={search_term_string}"},"query-input":{"@type":"PropertyValueSpecification","valueRequired":true,"valueName":"search_term_string"}}],"inLanguage":"es-ES"},{"@type":"Organization","@id":"https:\/\/www.spottergps.com\/es\/#organization","name":"Spotter B.V.","url":"https:\/\/www.spottergps.com\/es\/","logo":{"@type":"ImageObject","inLanguage":"es-ES","@id":"https:\/\/www.spottergps.com\/es\/#\/schema\/logo\/image\/","url":"https:\/\/www.spottergps.com\/es\/wp-content\/uploads\/sites\/7\/2023\/09\/Spotter_logo.png","contentUrl":"https:\/\/www.spottergps.com\/es\/wp-content\/uploads\/sites\/7\/2023\/09\/Spotter_logo.png","width":1500,"height":696,"caption":"Spotter B.V."},"image":{"@id":"https:\/\/www.spottergps.com\/es\/#\/schema\/logo\/image\/"}},{"@type":"Person","@id":"https:\/\/www.spottergps.com\/es\/#\/schema\/person\/40a3c03adcfdc9558cb15c2158740715","name":"max1","image":{"@type":"ImageObject","inLanguage":"es-ES","@id":"https:\/\/www.spottergps.com\/es\/#\/schema\/person\/image\/","url":"https:\/\/secure.gravatar.com\/avatar\/f4370207757df138760d16dfb974c571f0b54ccbf97f0ea5cad815eb078fc014?s=96&d=mm&r=g","contentUrl":"https:\/\/secure.gravatar.com\/avatar\/f4370207757df138760d16dfb974c571f0b54ccbf97f0ea5cad815eb078fc014?s=96&d=mm&r=g","caption":"max1"},"url":"https:\/\/www.spottergps.com\/es\/author\/max1\/"}]}},"_links":{"self":[{"href":"https:\/\/www.spottergps.com\/es\/wp-json\/wp\/v2\/posts\/2345","targetHints":{"allow":["GET"]}}],"collection":[{"href":"https:\/\/www.spottergps.com\/es\/wp-json\/wp\/v2\/posts"}],"about":[{"href":"https:\/\/www.spottergps.com\/es\/wp-json\/wp\/v2\/types\/post"}],"author":[{"embeddable":true,"href":"https:\/\/www.spottergps.com\/es\/wp-json\/wp\/v2\/users\/14"}],"replies":[{"embeddable":true,"href":"https:\/\/www.spottergps.com\/es\/wp-json\/wp\/v2\/comments?post=2345"}],"version-history":[{"count":3,"href":"https:\/\/www.spottergps.com\/es\/wp-json\/wp\/v2\/posts\/2345\/revisions"}],"predecessor-version":[{"id":2350,"href":"https:\/\/www.spottergps.com\/es\/wp-json\/wp\/v2\/posts\/2345\/revisions\/2350"}],"wp:featuredmedia":[{"embeddable":true,"href":"https:\/\/www.spottergps.com\/es\/wp-json\/wp\/v2\/media\/2347"}],"wp:attachment":[{"href":"https:\/\/www.spottergps.com\/es\/wp-json\/wp\/v2\/media?parent=2345"}],"wp:term":[{"taxonomy":"category","embeddable":true,"href":"https:\/\/www.spottergps.com\/es\/wp-json\/wp\/v2\/categories?post=2345"},{"taxonomy":"post_tag","embeddable":true,"href":"https:\/\/www.spottergps.com\/es\/wp-json\/wp\/v2\/tags?post=2345"}],"curies":[{"name":"wp","href":"https:\/\/api.w.org\/{rel}","templated":true}]}}