{"id":2217,"date":"2025-03-31T06:43:32","date_gmt":"2025-03-31T06:43:32","guid":{"rendered":"https:\/\/www.spottergps.com\/es\/?p=2217"},"modified":"2025-03-31T06:43:33","modified_gmt":"2025-03-31T06:43:33","slug":"vacaciones-con-alzheimer-posibilidades-y-desafios","status":"publish","type":"post","link":"https:\/\/www.spottergps.com\/es\/2025\/03\/31\/vacaciones-con-alzheimer-posibilidades-y-desafios\/","title":{"rendered":"Vacaciones con Alzheimer: posibilidades y desaf\u00edos"},"content":{"rendered":"\n<p>En verano, el director m\u00e9dico del <a href=\"https:\/\/www.amsterdamumc.nl\/nl\/alzheimercentrum\/home.htm\">Centro de Alzheimer del Amsterdam UMC<\/a> recibe frecuentemente la pregunta de si las vacaciones siguen siendo posibles para personas con Alzheimer (en fase inicial). \u201cMuchas personas con demencia luchan con esta pregunta\u201d, dice la directora y neur\u00f3loga Yolande Pijnenburg. Tambi\u00e9n Alzheimer Nederland observa que estas preocupaciones son comunes entre muchas familias: para algunos, las vacaciones traen relajaci\u00f3n y alegr\u00eda, mientras que para otros generan estr\u00e9s debido al cambio de entorno.<\/p>\n<p>Pijnenburg explica que puede ser dif\u00edcil para las personas con Alzheimer almacenar nueva informaci\u00f3n, lo que hace que incluso un simple paseo por el camping pueda causar confusi\u00f3n. Por ejemplo, alguien podr\u00eda tener dificultades para encontrar su tienda de campa\u00f1a o caravana. Henriette Brons, de Alzheimer Nederland, indica que este problema probablemente aumentar\u00e1 debido al envejecimiento de la poblaci\u00f3n y al creciente n\u00famero de personas con demencia. \u201cVemos que m\u00e1s personas se pierden, especialmente en lugares desconocidos.\u201d<\/p>\n<h3>Riesgo de extrav\u00edo y medidas preventivas<\/h3>\n<p>Las desapariciones no son desafortunadamente poco comunes. El mes pasado, un hombre belga con Alzheimer desapareci\u00f3 durante unas vacaciones en Italia, despu\u00e9s de haberse alejado mientras su esposa compraba caf\u00e9. Fue encontrado con vida cuatro d\u00edas despu\u00e9s en un bosque cerca del Lago de Como. Un incidente similar con la holandesa Marjan tuvo un desenlace tr\u00e1gico: su cuerpo fue hallado recientemente tras d\u00edas de b\u00fasqueda. Ella se hab\u00eda alejado de un camping en Francia y tambi\u00e9n ten\u00eda Alzheimer en una fase inicial.<\/p>\n<p>Sin embargo, tanto Pijnenburg como Brons enfatizan que estos acontecimientos no significan que las vacaciones sean inseguras para personas con demencia. No obstante, el cambio de entorno, alej\u00e1ndose de sus h\u00e1bitos diarios y lugares familiares, puede hacer que la adaptaci\u00f3n sea m\u00e1s dif\u00edcil. \u201cLa rutina fija en casa ofrece seguridad; adaptarse a un nuevo entorno es m\u00e1s complicado,\u201d dice Pijnenburg. \u201cIncluso cosas simples, como encontrar el camino en el alojamiento vacacional o usar ciertos aparatos, pueden representar desaf\u00edos.\u201d Seg\u00fan Brons, sin embargo, a menudo solo se necesita un poco de tiempo para que las personas reconozcan el espacio o encuentren la puerta correcta, sin que esto implique problemas graves.<\/p>\n<h3>Identificaci\u00f3n y apoyo<\/h3>\n<p>A veces, la demencia se hace evidente por primera vez durante unas vacaciones. \u201cEntonces la familia nota que alguien de repente ya no recuerda d\u00f3nde est\u00e1 el ba\u00f1o,\u201d explica Pijnenburg. No obstante, Alzheimer Nederland generalmente recibe informes de personas que se pierden en su propia ciudad, ya que la desorientaci\u00f3n es un s\u00edntoma com\u00fan de la demencia. Adem\u00e1s, las personas con demencia a menudo pierden su capacidad de resoluci\u00f3n de problemas, lo que les impide encontrar soluciones r\u00e1pidas en situaciones desconocidas. En los Pa\u00edses Bajos, los familiares o la polic\u00eda suelen participar activamente en la b\u00fasqueda de una persona desaparecida, lo que aumenta las posibilidades de un desenlace positivo.<\/p>\n<p>Brons y Pijnenburg creen que la decisi\u00f3n de viajar debe tomarse de manera individual. Brons afirma: \u201cSe trata de encontrar el equilibrio: \u00bftrae placer y energ\u00eda o genera estr\u00e9s y riesgos? Quedarse en casa tampoco significa que no haya riesgos.\u201d<\/p>\n<h3>Consejos pr\u00e1cticos para unas vacaciones relajadas<\/h3>\n<p>Para hacer que las vacaciones sean lo m\u00e1s libres de estr\u00e9s posible, Pijnenburg recomienda elegir un destino que la persona con Alzheimer ya haya visitado antes. \u201cLos entornos familiares proporcionan m\u00e1s tranquilidad y reconocimiento,\u201d dice Brons. Tambi\u00e9n puede ser \u00fatil darle a la persona una tarjeta con los datos de contacto de un conocido, la direcci\u00f3n del alojamiento vacacional y una breve explicaci\u00f3n sobre la demencia en el idioma del pa\u00eds de destino.<\/p>\n<p>Un <a href=\"https:\/\/www.spottergps.com\/es\/localizador-gps-para-personas-mayores\/\">localizador GPS para Alzheimer<\/a> tambi\u00e9n puede ser \u00fatil en estos casos. Estos peque\u00f1os dispositivos permiten rastrear de manera remota la ubicaci\u00f3n de una persona con Alzheimer, proporcionando seguridad adicional. Esto puede ser tranquilizador tanto para la persona con demencia como para sus familiares. Si alguien se pierde inesperadamente, el localizador GPS puede ayudar r\u00e1pidamente a encontrarlo. Para las familias preocupadas por el riesgo de extrav\u00edo, un rastreador es una soluci\u00f3n sencilla y efectiva para disfrutar de unas vacaciones m\u00e1s tranquilas. Aunque al principio el uso de un rastreador GPS puede parecer extra\u00f1o, muchos lo ven como un complemento pr\u00e1ctico que contribuye a la autonom\u00eda.<\/p>\n<p>Otras formas de estructura tambi\u00e9n pueden hacer que las vacaciones sean m\u00e1s agradables. \u201cUn crucero puede ser ideal: no se puede abandonar f\u00e1cilmente el barco, y todo, desde las comidas hasta las actividades, est\u00e1 bien organizado,\u201d explica Pijnenburg. Unas vacaciones con un ritmo predecible y pocos est\u00edmulos inesperados pueden reducir las posibilidades de desorientaci\u00f3n.<\/p>\n<p>Para los c\u00f3nyuges o cuidadores, las vacaciones tambi\u00e9n pueden ser intensas. Pijnenburg recomienda compartir la responsabilidad viajando con varias personas. As\u00ed, nadie tiene que estar constantemente en alerta y todos pueden disfrutar de unas vacaciones relajadas.<\/p>\n","protected":false},"excerpt":{"rendered":"<p>En verano, el director m\u00e9dico del Centro de Alzheimer del Amsterdam UMC recibe frecuentemente la pregunta de si las vacaciones siguen siendo posibles para personas con Alzheimer (en fase inicial). \u201cMuchas personas con demencia luchan con esta pregunta\u201d, dice la directora y neur\u00f3loga Yolande Pijnenburg. Tambi\u00e9n Alzheimer Nederland observa que estas preocupaciones son comunes entre [&hellip;]<\/p>\n","protected":false},"author":14,"featured_media":2218,"comment_status":"open","ping_status":"open","sticky":false,"template":"","format":"standard","meta":{"_acf_changed":false,"footnotes":""},"categories":[1],"tags":[],"class_list":["post-2217","post","type-post","status-publish","format-standard","has-post-thumbnail","hentry","category-niet-gecategoriseerd"],"acf":[],"yoast_head":"<!-- This site is optimized with the Yoast SEO plugin v25.9 - https:\/\/yoast.com\/wordpress\/plugins\/seo\/ -->\n<title>Vacaciones con Alzheimer: posibilidades y desaf\u00edos - Spotter Spain<\/title>\n<meta name=\"robots\" content=\"index, follow, max-snippet:-1, max-image-preview:large, max-video-preview:-1\" \/>\n<link rel=\"canonical\" href=\"https:\/\/www.spottergps.com\/es\/2025\/03\/31\/vacaciones-con-alzheimer-posibilidades-y-desafios\/\" \/>\n<meta property=\"og:locale\" content=\"es_ES\" \/>\n<meta property=\"og:type\" content=\"article\" \/>\n<meta property=\"og:title\" content=\"Vacaciones con Alzheimer: posibilidades y desaf\u00edos - Spotter Spain\" \/>\n<meta property=\"og:description\" content=\"En verano, el director m\u00e9dico del Centro de Alzheimer del Amsterdam UMC recibe frecuentemente la pregunta de si las vacaciones siguen siendo posibles para personas con Alzheimer (en fase inicial). \u201cMuchas personas con demencia luchan con esta pregunta\u201d, dice la directora y neur\u00f3loga Yolande Pijnenburg. Tambi\u00e9n Alzheimer Nederland observa que estas preocupaciones son comunes entre [&hellip;]\" \/>\n<meta property=\"og:url\" content=\"https:\/\/www.spottergps.com\/es\/2025\/03\/31\/vacaciones-con-alzheimer-posibilidades-y-desafios\/\" \/>\n<meta property=\"og:site_name\" content=\"Spotter Spain\" \/>\n<meta property=\"article:published_time\" content=\"2025-03-31T06:43:32+00:00\" \/>\n<meta property=\"article:modified_time\" content=\"2025-03-31T06:43:33+00:00\" \/>\n<meta property=\"og:image\" content=\"https:\/\/www.spottergps.com\/es\/wp-content\/uploads\/sites\/7\/2025\/03\/localizador-gps-para-alzheimer-spotter.jpg\" \/>\n\t<meta property=\"og:image:width\" content=\"1280\" \/>\n\t<meta property=\"og:image:height\" content=\"846\" \/>\n\t<meta property=\"og:image:type\" content=\"image\/jpeg\" \/>\n<meta name=\"author\" content=\"max1\" \/>\n<meta name=\"twitter:card\" content=\"summary_large_image\" \/>\n<meta name=\"twitter:label1\" content=\"Escrito por\" \/>\n\t<meta name=\"twitter:data1\" content=\"max1\" \/>\n\t<meta name=\"twitter:label2\" content=\"Tiempo de lectura\" \/>\n\t<meta name=\"twitter:data2\" content=\"1 minute\" \/>\n<script type=\"application\/ld+json\" class=\"yoast-schema-graph\">{\"@context\":\"https:\/\/schema.org\",\"@graph\":[{\"@type\":\"Article\",\"@id\":\"https:\/\/www.spottergps.com\/es\/2025\/03\/31\/vacaciones-con-alzheimer-posibilidades-y-desafios\/#article\",\"isPartOf\":{\"@id\":\"https:\/\/www.spottergps.com\/es\/2025\/03\/31\/vacaciones-con-alzheimer-posibilidades-y-desafios\/\"},\"author\":{\"name\":\"max1\",\"@id\":\"https:\/\/www.spottergps.com\/es\/#\/schema\/person\/40a3c03adcfdc9558cb15c2158740715\"},\"headline\":\"Vacaciones con Alzheimer: posibilidades y desaf\u00edos\",\"datePublished\":\"2025-03-31T06:43:32+00:00\",\"dateModified\":\"2025-03-31T06:43:33+00:00\",\"mainEntityOfPage\":{\"@id\":\"https:\/\/www.spottergps.com\/es\/2025\/03\/31\/vacaciones-con-alzheimer-posibilidades-y-desafios\/\"},\"wordCount\":855,\"commentCount\":0,\"publisher\":{\"@id\":\"https:\/\/www.spottergps.com\/es\/#organization\"},\"image\":{\"@id\":\"https:\/\/www.spottergps.com\/es\/2025\/03\/31\/vacaciones-con-alzheimer-posibilidades-y-desafios\/#primaryimage\"},\"thumbnailUrl\":\"https:\/\/www.spottergps.com\/es\/wp-content\/uploads\/sites\/7\/2025\/03\/localizador-gps-para-alzheimer-spotter.jpg\",\"articleSection\":[\"Niet gecategoriseerd\"],\"inLanguage\":\"es-ES\",\"potentialAction\":[{\"@type\":\"CommentAction\",\"name\":\"Comment\",\"target\":[\"https:\/\/www.spottergps.com\/es\/2025\/03\/31\/vacaciones-con-alzheimer-posibilidades-y-desafios\/#respond\"]}]},{\"@type\":\"WebPage\",\"@id\":\"https:\/\/www.spottergps.com\/es\/2025\/03\/31\/vacaciones-con-alzheimer-posibilidades-y-desafios\/\",\"url\":\"https:\/\/www.spottergps.com\/es\/2025\/03\/31\/vacaciones-con-alzheimer-posibilidades-y-desafios\/\",\"name\":\"Vacaciones con Alzheimer: posibilidades y desaf\u00edos - Spotter Spain\",\"isPartOf\":{\"@id\":\"https:\/\/www.spottergps.com\/es\/#website\"},\"primaryImageOfPage\":{\"@id\":\"https:\/\/www.spottergps.com\/es\/2025\/03\/31\/vacaciones-con-alzheimer-posibilidades-y-desafios\/#primaryimage\"},\"image\":{\"@id\":\"https:\/\/www.spottergps.com\/es\/2025\/03\/31\/vacaciones-con-alzheimer-posibilidades-y-desafios\/#primaryimage\"},\"thumbnailUrl\":\"https:\/\/www.spottergps.com\/es\/wp-content\/uploads\/sites\/7\/2025\/03\/localizador-gps-para-alzheimer-spotter.jpg\",\"datePublished\":\"2025-03-31T06:43:32+00:00\",\"dateModified\":\"2025-03-31T06:43:33+00:00\",\"breadcrumb\":{\"@id\":\"https:\/\/www.spottergps.com\/es\/2025\/03\/31\/vacaciones-con-alzheimer-posibilidades-y-desafios\/#breadcrumb\"},\"inLanguage\":\"es-ES\",\"potentialAction\":[{\"@type\":\"ReadAction\",\"target\":[\"https:\/\/www.spottergps.com\/es\/2025\/03\/31\/vacaciones-con-alzheimer-posibilidades-y-desafios\/\"]}]},{\"@type\":\"ImageObject\",\"inLanguage\":\"es-ES\",\"@id\":\"https:\/\/www.spottergps.com\/es\/2025\/03\/31\/vacaciones-con-alzheimer-posibilidades-y-desafios\/#primaryimage\",\"url\":\"https:\/\/www.spottergps.com\/es\/wp-content\/uploads\/sites\/7\/2025\/03\/localizador-gps-para-alzheimer-spotter.jpg\",\"contentUrl\":\"https:\/\/www.spottergps.com\/es\/wp-content\/uploads\/sites\/7\/2025\/03\/localizador-gps-para-alzheimer-spotter.jpg\",\"width\":1280,\"height\":846,\"caption\":\"localizador gps para alzheimer - spotter\"},{\"@type\":\"BreadcrumbList\",\"@id\":\"https:\/\/www.spottergps.com\/es\/2025\/03\/31\/vacaciones-con-alzheimer-posibilidades-y-desafios\/#breadcrumb\",\"itemListElement\":[{\"@type\":\"ListItem\",\"position\":1,\"name\":\"Home\",\"item\":\"https:\/\/www.spottergps.com\/es\/\"},{\"@type\":\"ListItem\",\"position\":2,\"name\":\"Vacaciones con Alzheimer: posibilidades y desaf\u00edos\"}]},{\"@type\":\"WebSite\",\"@id\":\"https:\/\/www.spottergps.com\/es\/#website\",\"url\":\"https:\/\/www.spottergps.com\/es\/\",\"name\":\"Spotter Spain\",\"description\":\"Para todo lo que amas\",\"publisher\":{\"@id\":\"https:\/\/www.spottergps.com\/es\/#organization\"},\"potentialAction\":[{\"@type\":\"SearchAction\",\"target\":{\"@type\":\"EntryPoint\",\"urlTemplate\":\"https:\/\/www.spottergps.com\/es\/?s={search_term_string}\"},\"query-input\":{\"@type\":\"PropertyValueSpecification\",\"valueRequired\":true,\"valueName\":\"search_term_string\"}}],\"inLanguage\":\"es-ES\"},{\"@type\":\"Organization\",\"@id\":\"https:\/\/www.spottergps.com\/es\/#organization\",\"name\":\"Spotter B.V.\",\"url\":\"https:\/\/www.spottergps.com\/es\/\",\"logo\":{\"@type\":\"ImageObject\",\"inLanguage\":\"es-ES\",\"@id\":\"https:\/\/www.spottergps.com\/es\/#\/schema\/logo\/image\/\",\"url\":\"https:\/\/www.spottergps.com\/es\/wp-content\/uploads\/sites\/7\/2023\/09\/Spotter_logo.png\",\"contentUrl\":\"https:\/\/www.spottergps.com\/es\/wp-content\/uploads\/sites\/7\/2023\/09\/Spotter_logo.png\",\"width\":1500,\"height\":696,\"caption\":\"Spotter B.V.\"},\"image\":{\"@id\":\"https:\/\/www.spottergps.com\/es\/#\/schema\/logo\/image\/\"}},{\"@type\":\"Person\",\"@id\":\"https:\/\/www.spottergps.com\/es\/#\/schema\/person\/40a3c03adcfdc9558cb15c2158740715\",\"name\":\"max1\",\"image\":{\"@type\":\"ImageObject\",\"inLanguage\":\"es-ES\",\"@id\":\"https:\/\/www.spottergps.com\/es\/#\/schema\/person\/image\/\",\"url\":\"https:\/\/secure.gravatar.com\/avatar\/f4370207757df138760d16dfb974c571f0b54ccbf97f0ea5cad815eb078fc014?s=96&d=mm&r=g\",\"contentUrl\":\"https:\/\/secure.gravatar.com\/avatar\/f4370207757df138760d16dfb974c571f0b54ccbf97f0ea5cad815eb078fc014?s=96&d=mm&r=g\",\"caption\":\"max1\"},\"url\":\"https:\/\/www.spottergps.com\/es\/author\/max1\/\"}]}<\/script>\n<!-- \/ Yoast SEO plugin. -->","yoast_head_json":{"title":"Vacaciones con Alzheimer: posibilidades y desaf\u00edos - Spotter Spain","robots":{"index":"index","follow":"follow","max-snippet":"max-snippet:-1","max-image-preview":"max-image-preview:large","max-video-preview":"max-video-preview:-1"},"canonical":"https:\/\/www.spottergps.com\/es\/2025\/03\/31\/vacaciones-con-alzheimer-posibilidades-y-desafios\/","og_locale":"es_ES","og_type":"article","og_title":"Vacaciones con Alzheimer: posibilidades y desaf\u00edos - Spotter Spain","og_description":"En verano, el director m\u00e9dico del Centro de Alzheimer del Amsterdam UMC recibe frecuentemente la pregunta de si las vacaciones siguen siendo posibles para personas con Alzheimer (en fase inicial). \u201cMuchas personas con demencia luchan con esta pregunta\u201d, dice la directora y neur\u00f3loga Yolande Pijnenburg. Tambi\u00e9n Alzheimer Nederland observa que estas preocupaciones son comunes entre [&hellip;]","og_url":"https:\/\/www.spottergps.com\/es\/2025\/03\/31\/vacaciones-con-alzheimer-posibilidades-y-desafios\/","og_site_name":"Spotter Spain","article_published_time":"2025-03-31T06:43:32+00:00","article_modified_time":"2025-03-31T06:43:33+00:00","og_image":[{"width":1280,"height":846,"url":"https:\/\/www.spottergps.com\/es\/wp-content\/uploads\/sites\/7\/2025\/03\/localizador-gps-para-alzheimer-spotter.jpg","type":"image\/jpeg"}],"author":"max1","twitter_card":"summary_large_image","twitter_misc":{"Escrito por":"max1","Tiempo de lectura":"1 minute"},"schema":{"@context":"https:\/\/schema.org","@graph":[{"@type":"Article","@id":"https:\/\/www.spottergps.com\/es\/2025\/03\/31\/vacaciones-con-alzheimer-posibilidades-y-desafios\/#article","isPartOf":{"@id":"https:\/\/www.spottergps.com\/es\/2025\/03\/31\/vacaciones-con-alzheimer-posibilidades-y-desafios\/"},"author":{"name":"max1","@id":"https:\/\/www.spottergps.com\/es\/#\/schema\/person\/40a3c03adcfdc9558cb15c2158740715"},"headline":"Vacaciones con Alzheimer: posibilidades y desaf\u00edos","datePublished":"2025-03-31T06:43:32+00:00","dateModified":"2025-03-31T06:43:33+00:00","mainEntityOfPage":{"@id":"https:\/\/www.spottergps.com\/es\/2025\/03\/31\/vacaciones-con-alzheimer-posibilidades-y-desafios\/"},"wordCount":855,"commentCount":0,"publisher":{"@id":"https:\/\/www.spottergps.com\/es\/#organization"},"image":{"@id":"https:\/\/www.spottergps.com\/es\/2025\/03\/31\/vacaciones-con-alzheimer-posibilidades-y-desafios\/#primaryimage"},"thumbnailUrl":"https:\/\/www.spottergps.com\/es\/wp-content\/uploads\/sites\/7\/2025\/03\/localizador-gps-para-alzheimer-spotter.jpg","articleSection":["Niet gecategoriseerd"],"inLanguage":"es-ES","potentialAction":[{"@type":"CommentAction","name":"Comment","target":["https:\/\/www.spottergps.com\/es\/2025\/03\/31\/vacaciones-con-alzheimer-posibilidades-y-desafios\/#respond"]}]},{"@type":"WebPage","@id":"https:\/\/www.spottergps.com\/es\/2025\/03\/31\/vacaciones-con-alzheimer-posibilidades-y-desafios\/","url":"https:\/\/www.spottergps.com\/es\/2025\/03\/31\/vacaciones-con-alzheimer-posibilidades-y-desafios\/","name":"Vacaciones con Alzheimer: posibilidades y desaf\u00edos - Spotter Spain","isPartOf":{"@id":"https:\/\/www.spottergps.com\/es\/#website"},"primaryImageOfPage":{"@id":"https:\/\/www.spottergps.com\/es\/2025\/03\/31\/vacaciones-con-alzheimer-posibilidades-y-desafios\/#primaryimage"},"image":{"@id":"https:\/\/www.spottergps.com\/es\/2025\/03\/31\/vacaciones-con-alzheimer-posibilidades-y-desafios\/#primaryimage"},"thumbnailUrl":"https:\/\/www.spottergps.com\/es\/wp-content\/uploads\/sites\/7\/2025\/03\/localizador-gps-para-alzheimer-spotter.jpg","datePublished":"2025-03-31T06:43:32+00:00","dateModified":"2025-03-31T06:43:33+00:00","breadcrumb":{"@id":"https:\/\/www.spottergps.com\/es\/2025\/03\/31\/vacaciones-con-alzheimer-posibilidades-y-desafios\/#breadcrumb"},"inLanguage":"es-ES","potentialAction":[{"@type":"ReadAction","target":["https:\/\/www.spottergps.com\/es\/2025\/03\/31\/vacaciones-con-alzheimer-posibilidades-y-desafios\/"]}]},{"@type":"ImageObject","inLanguage":"es-ES","@id":"https:\/\/www.spottergps.com\/es\/2025\/03\/31\/vacaciones-con-alzheimer-posibilidades-y-desafios\/#primaryimage","url":"https:\/\/www.spottergps.com\/es\/wp-content\/uploads\/sites\/7\/2025\/03\/localizador-gps-para-alzheimer-spotter.jpg","contentUrl":"https:\/\/www.spottergps.com\/es\/wp-content\/uploads\/sites\/7\/2025\/03\/localizador-gps-para-alzheimer-spotter.jpg","width":1280,"height":846,"caption":"localizador gps para alzheimer - spotter"},{"@type":"BreadcrumbList","@id":"https:\/\/www.spottergps.com\/es\/2025\/03\/31\/vacaciones-con-alzheimer-posibilidades-y-desafios\/#breadcrumb","itemListElement":[{"@type":"ListItem","position":1,"name":"Home","item":"https:\/\/www.spottergps.com\/es\/"},{"@type":"ListItem","position":2,"name":"Vacaciones con Alzheimer: posibilidades y desaf\u00edos"}]},{"@type":"WebSite","@id":"https:\/\/www.spottergps.com\/es\/#website","url":"https:\/\/www.spottergps.com\/es\/","name":"Spotter Spain","description":"Para todo lo que amas","publisher":{"@id":"https:\/\/www.spottergps.com\/es\/#organization"},"potentialAction":[{"@type":"SearchAction","target":{"@type":"EntryPoint","urlTemplate":"https:\/\/www.spottergps.com\/es\/?s={search_term_string}"},"query-input":{"@type":"PropertyValueSpecification","valueRequired":true,"valueName":"search_term_string"}}],"inLanguage":"es-ES"},{"@type":"Organization","@id":"https:\/\/www.spottergps.com\/es\/#organization","name":"Spotter B.V.","url":"https:\/\/www.spottergps.com\/es\/","logo":{"@type":"ImageObject","inLanguage":"es-ES","@id":"https:\/\/www.spottergps.com\/es\/#\/schema\/logo\/image\/","url":"https:\/\/www.spottergps.com\/es\/wp-content\/uploads\/sites\/7\/2023\/09\/Spotter_logo.png","contentUrl":"https:\/\/www.spottergps.com\/es\/wp-content\/uploads\/sites\/7\/2023\/09\/Spotter_logo.png","width":1500,"height":696,"caption":"Spotter B.V."},"image":{"@id":"https:\/\/www.spottergps.com\/es\/#\/schema\/logo\/image\/"}},{"@type":"Person","@id":"https:\/\/www.spottergps.com\/es\/#\/schema\/person\/40a3c03adcfdc9558cb15c2158740715","name":"max1","image":{"@type":"ImageObject","inLanguage":"es-ES","@id":"https:\/\/www.spottergps.com\/es\/#\/schema\/person\/image\/","url":"https:\/\/secure.gravatar.com\/avatar\/f4370207757df138760d16dfb974c571f0b54ccbf97f0ea5cad815eb078fc014?s=96&d=mm&r=g","contentUrl":"https:\/\/secure.gravatar.com\/avatar\/f4370207757df138760d16dfb974c571f0b54ccbf97f0ea5cad815eb078fc014?s=96&d=mm&r=g","caption":"max1"},"url":"https:\/\/www.spottergps.com\/es\/author\/max1\/"}]}},"_links":{"self":[{"href":"https:\/\/www.spottergps.com\/es\/wp-json\/wp\/v2\/posts\/2217","targetHints":{"allow":["GET"]}}],"collection":[{"href":"https:\/\/www.spottergps.com\/es\/wp-json\/wp\/v2\/posts"}],"about":[{"href":"https:\/\/www.spottergps.com\/es\/wp-json\/wp\/v2\/types\/post"}],"author":[{"embeddable":true,"href":"https:\/\/www.spottergps.com\/es\/wp-json\/wp\/v2\/users\/14"}],"replies":[{"embeddable":true,"href":"https:\/\/www.spottergps.com\/es\/wp-json\/wp\/v2\/comments?post=2217"}],"version-history":[{"count":1,"href":"https:\/\/www.spottergps.com\/es\/wp-json\/wp\/v2\/posts\/2217\/revisions"}],"predecessor-version":[{"id":2219,"href":"https:\/\/www.spottergps.com\/es\/wp-json\/wp\/v2\/posts\/2217\/revisions\/2219"}],"wp:featuredmedia":[{"embeddable":true,"href":"https:\/\/www.spottergps.com\/es\/wp-json\/wp\/v2\/media\/2218"}],"wp:attachment":[{"href":"https:\/\/www.spottergps.com\/es\/wp-json\/wp\/v2\/media?parent=2217"}],"wp:term":[{"taxonomy":"category","embeddable":true,"href":"https:\/\/www.spottergps.com\/es\/wp-json\/wp\/v2\/categories?post=2217"},{"taxonomy":"post_tag","embeddable":true,"href":"https:\/\/www.spottergps.com\/es\/wp-json\/wp\/v2\/tags?post=2217"}],"curies":[{"name":"wp","href":"https:\/\/api.w.org\/{rel}","templated":true}]}}