{"id":2162,"date":"2025-02-21T15:34:24","date_gmt":"2025-02-21T15:34:24","guid":{"rendered":"https:\/\/www.spottergps.com\/es\/?p=2162"},"modified":"2025-10-14T07:24:41","modified_gmt":"2025-10-14T07:24:41","slug":"la-enfermedad-de-alzheimer-un-nuevo-enfoque-de-cuidado-centrado-en-la-libertad","status":"publish","type":"post","link":"https:\/\/www.spottergps.com\/es\/2025\/02\/21\/la-enfermedad-de-alzheimer-un-nuevo-enfoque-de-cuidado-centrado-en-la-libertad\/","title":{"rendered":"La enfermedad de Alzheimer: un nuevo enfoque de cuidado centrado en la libertad"},"content":{"rendered":"\n<p>La enfermedad de Alzheimer es uno de los desaf\u00edos m\u00e1s complejos en el \u00e1mbito de la atenci\u00f3n sanitaria. No solo afecta la memoria y las funciones cognitivas del paciente, sino que tambi\u00e9n cambia la vida cotidiana de las familias y los cuidadores. Afortunadamente, un enfoque renovado de la atenci\u00f3n, centrado en la autonom\u00eda y el bienestar, abre nuevas posibilidades para mejorar la vida de las personas con Alzheimer. Este enfoque pone \u00e9nfasis en un cuidado que va m\u00e1s all\u00e1 de la simple supervisi\u00f3n y las limitaciones, promoviendo la libertad y la calidad de vida.<\/p>\n\n\n\n<h3><strong>Apoyo tecnol\u00f3gico innovador<\/strong><\/h3>\n<p>La tecnolog\u00eda desempe\u00f1a un papel cada vez m\u00e1s importante en el cuidado de los pacientes con Alzheimer. En el pasado, el cuidado depend\u00eda principalmente de la cercan\u00eda f\u00edsica, pero innovaciones como los rastreadores GPS ofrecen un enfoque diferente. Estos dispositivos brindan tanto a los pacientes como a sus seres queridos un sentido de seguridad al permitir el seguimiento en tiempo real de la ubicaci\u00f3n de la persona.<\/p>\n\n\n\n<p>El uso de un <a href=\"https:\/\/www.spottergps.com\/es\/localizador-gps-para-personas-mayores\/\">rastreador GPS para pacientes con Alzheimer<\/a> les permite mantener un cierto grado de libertad de movimiento. Pueden desplazarse de forma m\u00e1s aut\u00f3noma, mientras que sus seres queridos pueden seguir su ubicaci\u00f3n a trav\u00e9s de una aplicaci\u00f3n. Esto no solo reduce el miedo a perderse, sino que tambi\u00e9n refuerza la autonom\u00eda del paciente.<\/p>\n\n\n\n<h3><strong>La importancia de la interacci\u00f3n social<\/strong><\/h3>\n\n\n\n<p>Adem\u00e1s de la tecnolog\u00eda, la interacci\u00f3n humana sigue siendo esencial para el bienestar de los pacientes con Alzheimer. Los contactos con la familia, los amigos y la comunidad ayudan a prevenir el aislamiento y estimulan las funciones cognitivas. Actividades como las comidas compartidas, los paseos o la rememoraci\u00f3n de recuerdos juegan un papel clave en mantener el bienestar emocional de los pacientes, incluso cuando su memoria est\u00e1 afectada.<\/p>\n\n\n\n<p>Las interacciones sociales brindan una valiosa estimulaci\u00f3n cognitiva a los pacientes con Alzheimer. Participar en conversaciones, incluso cuando la memoria del paciente est\u00e1 parcialmente afectada, puede ayudar a conservar las habilidades comunicativas y cognitivas. Estos momentos fortalecen las conexiones neuronales, lo que puede tener un efecto positivo en el manejo de los s\u00edntomas de la enfermedad y retardar su progresi\u00f3n.<\/p>\n\n\n\n<h3><strong>Vacaciones con un ser querido que tiene Alzheimer<\/strong><\/h3>\n\n\n\n<p>Las vacaciones con un ser querido que padece Alzheimer pueden parecer a veces dif\u00edciles de organizar, pero ofrecen una maravillosa oportunidad para crear nuevos recuerdos juntos. Gracias a una preparaci\u00f3n cuidadosa y el uso de las herramientas adecuadas, como un rastreador GPS, los viajes pueden hacerse m\u00e1s seguros y agradables.<\/p>\n\n\n\n<p>En un entorno desconocido, el riesgo de desorientaci\u00f3n es mayor, pero la tecnolog\u00eda puede reducir considerablemente este riesgo. Se recomienda elegir destinos tranquilos, donde el ritmo sea m\u00e1s bajo y los pacientes se sientan m\u00e1s c\u00f3modos. Las vacaciones con Alzheimer no solo tienen como objetivo descansar, sino tambi\u00e9n fortalecer los lazos familiares y vivir momentos valiosos juntos, mientras se exploran nuevas experiencias.<\/p>\n\n\n\n<p><strong>El futuro del cuidado de los pacientes con Alzheimer<\/strong><\/p>\n\n\n\n<p>Aunque la enfermedad de Alzheimer no tiene cura en la actualidad, los avances en la atenci\u00f3n y la tecnolog\u00eda ofrecen esperanza para una mejor calidad de vida. Adem\u00e1s de los rastreadores GPS, se est\u00e1n desarrollando otras soluciones inteligentes, como aplicaciones que facilitan la gesti\u00f3n del cuidado o dispositivos port\u00e1tiles que pueden detectar cambios en el comportamiento.<\/p>\n\n\n\n<p>Sin embargo, es esencial que la atenci\u00f3n siga siendo centrada en la persona. Las innovaciones no deben estar destinadas a reemplazar a los cuidadores, sino a apoyarlos. La tecnolog\u00eda debe ayudar a los pacientes a mantenerse seguros mientras llevan una vida lo m\u00e1s normal posible.<\/p>\n\n\n\n<p><strong>Conclusi\u00f3n<\/strong><\/p>\n<p>El cuidado de los pacientes con Alzheimer no se trata solo de protecci\u00f3n, sino tambi\u00e9n de mantener su dignidad y libertad. Ya sea en actividades diarias o en vacaciones con la familia, con el enfoque y las herramientas adecuadas, la vida de las personas con Alzheimer puede enriquecerse. Al integrar tecnolog\u00edas como los rastreadores GPS y fomentar los lazos sociales, el cuidado puede encontrar un equilibrio entre seguridad y calidad de vida.<\/p>\n","protected":false},"excerpt":{"rendered":"<p>La enfermedad de Alzheimer es uno de los desaf\u00edos m\u00e1s complejos en el \u00e1mbito de la atenci\u00f3n sanitaria. No solo afecta la memoria y las funciones cognitivas del paciente, sino que tambi\u00e9n cambia la vida cotidiana de las familias y los cuidadores. Afortunadamente, un enfoque renovado de la atenci\u00f3n, centrado en la autonom\u00eda y el [&hellip;]<\/p>\n","protected":false},"author":17,"featured_media":2163,"comment_status":"open","ping_status":"open","sticky":false,"template":"","format":"standard","meta":{"_acf_changed":false,"footnotes":""},"categories":[1],"tags":[],"class_list":["post-2162","post","type-post","status-publish","format-standard","has-post-thumbnail","hentry","category-niet-gecategoriseerd"],"acf":[],"yoast_head":"<!-- This site is optimized with the Yoast SEO plugin v25.9 - https:\/\/yoast.com\/wordpress\/plugins\/seo\/ -->\n<title>La enfermedad de Alzheimer: un nuevo enfoque de cuidado | Spotter<\/title>\n<meta name=\"robots\" content=\"index, follow, max-snippet:-1, max-image-preview:large, max-video-preview:-1\" \/>\n<link rel=\"canonical\" href=\"https:\/\/www.spottergps.com\/es\/2025\/02\/21\/la-enfermedad-de-alzheimer-un-nuevo-enfoque-de-cuidado-centrado-en-la-libertad\/\" \/>\n<meta property=\"og:locale\" content=\"es_ES\" \/>\n<meta property=\"og:type\" content=\"article\" \/>\n<meta property=\"og:title\" content=\"La enfermedad de Alzheimer: un nuevo enfoque de cuidado | Spotter\" \/>\n<meta property=\"og:description\" content=\"La enfermedad de Alzheimer es uno de los desaf\u00edos m\u00e1s complejos en el \u00e1mbito de la atenci\u00f3n sanitaria. No solo afecta la memoria y las funciones cognitivas del paciente, sino que tambi\u00e9n cambia la vida cotidiana de las familias y los cuidadores. Afortunadamente, un enfoque renovado de la atenci\u00f3n, centrado en la autonom\u00eda y el [&hellip;]\" \/>\n<meta property=\"og:url\" content=\"https:\/\/www.spottergps.com\/es\/2025\/02\/21\/la-enfermedad-de-alzheimer-un-nuevo-enfoque-de-cuidado-centrado-en-la-libertad\/\" \/>\n<meta property=\"og:site_name\" content=\"Spotter Spain\" \/>\n<meta property=\"article:published_time\" content=\"2025-02-21T15:34:24+00:00\" \/>\n<meta property=\"article:modified_time\" content=\"2025-10-14T07:24:41+00:00\" \/>\n<meta property=\"og:image\" content=\"https:\/\/www.spottergps.com\/es\/wp-content\/uploads\/sites\/7\/2025\/02\/Ziekte-Alzheimer-gericht-vrijheid-1.jpg\" \/>\n\t<meta property=\"og:image:width\" content=\"1280\" \/>\n\t<meta property=\"og:image:height\" content=\"853\" \/>\n\t<meta property=\"og:image:type\" content=\"image\/jpeg\" \/>\n<meta name=\"author\" content=\"maaike\" \/>\n<meta name=\"twitter:card\" content=\"summary_large_image\" \/>\n<meta name=\"twitter:label1\" content=\"Escrito por\" \/>\n\t<meta name=\"twitter:data1\" content=\"maaike\" \/>\n\t<meta name=\"twitter:label2\" content=\"Tiempo de lectura\" \/>\n\t<meta name=\"twitter:data2\" content=\"4 minutes\" \/>\n<script type=\"application\/ld+json\" class=\"yoast-schema-graph\">{\"@context\":\"https:\/\/schema.org\",\"@graph\":[{\"@type\":\"Article\",\"@id\":\"https:\/\/www.spottergps.com\/es\/2025\/02\/21\/la-enfermedad-de-alzheimer-un-nuevo-enfoque-de-cuidado-centrado-en-la-libertad\/#article\",\"isPartOf\":{\"@id\":\"https:\/\/www.spottergps.com\/es\/2025\/02\/21\/la-enfermedad-de-alzheimer-un-nuevo-enfoque-de-cuidado-centrado-en-la-libertad\/\"},\"author\":{\"name\":\"maaike\",\"@id\":\"https:\/\/www.spottergps.com\/es\/#\/schema\/person\/43ae5096f76a84f9e5873ed056f428bc\"},\"headline\":\"La enfermedad de Alzheimer: un nuevo enfoque de cuidado centrado en la libertad\",\"datePublished\":\"2025-02-21T15:34:24+00:00\",\"dateModified\":\"2025-10-14T07:24:41+00:00\",\"mainEntityOfPage\":{\"@id\":\"https:\/\/www.spottergps.com\/es\/2025\/02\/21\/la-enfermedad-de-alzheimer-un-nuevo-enfoque-de-cuidado-centrado-en-la-libertad\/\"},\"wordCount\":723,\"commentCount\":0,\"publisher\":{\"@id\":\"https:\/\/www.spottergps.com\/es\/#organization\"},\"image\":{\"@id\":\"https:\/\/www.spottergps.com\/es\/2025\/02\/21\/la-enfermedad-de-alzheimer-un-nuevo-enfoque-de-cuidado-centrado-en-la-libertad\/#primaryimage\"},\"thumbnailUrl\":\"https:\/\/www.spottergps.com\/es\/wp-content\/uploads\/sites\/7\/2025\/02\/Ziekte-Alzheimer-gericht-vrijheid-1.jpg\",\"articleSection\":[\"Niet gecategoriseerd\"],\"inLanguage\":\"es-ES\",\"potentialAction\":[{\"@type\":\"CommentAction\",\"name\":\"Comment\",\"target\":[\"https:\/\/www.spottergps.com\/es\/2025\/02\/21\/la-enfermedad-de-alzheimer-un-nuevo-enfoque-de-cuidado-centrado-en-la-libertad\/#respond\"]}]},{\"@type\":\"WebPage\",\"@id\":\"https:\/\/www.spottergps.com\/es\/2025\/02\/21\/la-enfermedad-de-alzheimer-un-nuevo-enfoque-de-cuidado-centrado-en-la-libertad\/\",\"url\":\"https:\/\/www.spottergps.com\/es\/2025\/02\/21\/la-enfermedad-de-alzheimer-un-nuevo-enfoque-de-cuidado-centrado-en-la-libertad\/\",\"name\":\"La enfermedad de Alzheimer: un nuevo enfoque de cuidado | Spotter\",\"isPartOf\":{\"@id\":\"https:\/\/www.spottergps.com\/es\/#website\"},\"primaryImageOfPage\":{\"@id\":\"https:\/\/www.spottergps.com\/es\/2025\/02\/21\/la-enfermedad-de-alzheimer-un-nuevo-enfoque-de-cuidado-centrado-en-la-libertad\/#primaryimage\"},\"image\":{\"@id\":\"https:\/\/www.spottergps.com\/es\/2025\/02\/21\/la-enfermedad-de-alzheimer-un-nuevo-enfoque-de-cuidado-centrado-en-la-libertad\/#primaryimage\"},\"thumbnailUrl\":\"https:\/\/www.spottergps.com\/es\/wp-content\/uploads\/sites\/7\/2025\/02\/Ziekte-Alzheimer-gericht-vrijheid-1.jpg\",\"datePublished\":\"2025-02-21T15:34:24+00:00\",\"dateModified\":\"2025-10-14T07:24:41+00:00\",\"breadcrumb\":{\"@id\":\"https:\/\/www.spottergps.com\/es\/2025\/02\/21\/la-enfermedad-de-alzheimer-un-nuevo-enfoque-de-cuidado-centrado-en-la-libertad\/#breadcrumb\"},\"inLanguage\":\"es-ES\",\"potentialAction\":[{\"@type\":\"ReadAction\",\"target\":[\"https:\/\/www.spottergps.com\/es\/2025\/02\/21\/la-enfermedad-de-alzheimer-un-nuevo-enfoque-de-cuidado-centrado-en-la-libertad\/\"]}]},{\"@type\":\"ImageObject\",\"inLanguage\":\"es-ES\",\"@id\":\"https:\/\/www.spottergps.com\/es\/2025\/02\/21\/la-enfermedad-de-alzheimer-un-nuevo-enfoque-de-cuidado-centrado-en-la-libertad\/#primaryimage\",\"url\":\"https:\/\/www.spottergps.com\/es\/wp-content\/uploads\/sites\/7\/2025\/02\/Ziekte-Alzheimer-gericht-vrijheid-1.jpg\",\"contentUrl\":\"https:\/\/www.spottergps.com\/es\/wp-content\/uploads\/sites\/7\/2025\/02\/Ziekte-Alzheimer-gericht-vrijheid-1.jpg\",\"width\":1280,\"height\":853},{\"@type\":\"BreadcrumbList\",\"@id\":\"https:\/\/www.spottergps.com\/es\/2025\/02\/21\/la-enfermedad-de-alzheimer-un-nuevo-enfoque-de-cuidado-centrado-en-la-libertad\/#breadcrumb\",\"itemListElement\":[{\"@type\":\"ListItem\",\"position\":1,\"name\":\"Home\",\"item\":\"https:\/\/www.spottergps.com\/es\/\"},{\"@type\":\"ListItem\",\"position\":2,\"name\":\"La enfermedad de Alzheimer: un nuevo enfoque de cuidado centrado en la libertad\"}]},{\"@type\":\"WebSite\",\"@id\":\"https:\/\/www.spottergps.com\/es\/#website\",\"url\":\"https:\/\/www.spottergps.com\/es\/\",\"name\":\"Spotter Spain\",\"description\":\"Para todo lo que amas\",\"publisher\":{\"@id\":\"https:\/\/www.spottergps.com\/es\/#organization\"},\"potentialAction\":[{\"@type\":\"SearchAction\",\"target\":{\"@type\":\"EntryPoint\",\"urlTemplate\":\"https:\/\/www.spottergps.com\/es\/?s={search_term_string}\"},\"query-input\":{\"@type\":\"PropertyValueSpecification\",\"valueRequired\":true,\"valueName\":\"search_term_string\"}}],\"inLanguage\":\"es-ES\"},{\"@type\":\"Organization\",\"@id\":\"https:\/\/www.spottergps.com\/es\/#organization\",\"name\":\"Spotter B.V.\",\"url\":\"https:\/\/www.spottergps.com\/es\/\",\"logo\":{\"@type\":\"ImageObject\",\"inLanguage\":\"es-ES\",\"@id\":\"https:\/\/www.spottergps.com\/es\/#\/schema\/logo\/image\/\",\"url\":\"https:\/\/www.spottergps.com\/es\/wp-content\/uploads\/sites\/7\/2023\/09\/Spotter_logo.png\",\"contentUrl\":\"https:\/\/www.spottergps.com\/es\/wp-content\/uploads\/sites\/7\/2023\/09\/Spotter_logo.png\",\"width\":1500,\"height\":696,\"caption\":\"Spotter B.V.\"},\"image\":{\"@id\":\"https:\/\/www.spottergps.com\/es\/#\/schema\/logo\/image\/\"}},{\"@type\":\"Person\",\"@id\":\"https:\/\/www.spottergps.com\/es\/#\/schema\/person\/43ae5096f76a84f9e5873ed056f428bc\",\"name\":\"maaike\",\"image\":{\"@type\":\"ImageObject\",\"inLanguage\":\"es-ES\",\"@id\":\"https:\/\/www.spottergps.com\/es\/#\/schema\/person\/image\/\",\"url\":\"https:\/\/secure.gravatar.com\/avatar\/ec4d9b313e05a62e7b62a1732b0f8e8c03450b27e68322ecc5323ddb9dd6f88c?s=96&d=mm&r=g\",\"contentUrl\":\"https:\/\/secure.gravatar.com\/avatar\/ec4d9b313e05a62e7b62a1732b0f8e8c03450b27e68322ecc5323ddb9dd6f88c?s=96&d=mm&r=g\",\"caption\":\"maaike\"},\"url\":\"https:\/\/www.spottergps.com\/es\/author\/maaike\/\"}]}<\/script>\n<!-- \/ Yoast SEO plugin. -->","yoast_head_json":{"title":"La enfermedad de Alzheimer: un nuevo enfoque de cuidado | Spotter","robots":{"index":"index","follow":"follow","max-snippet":"max-snippet:-1","max-image-preview":"max-image-preview:large","max-video-preview":"max-video-preview:-1"},"canonical":"https:\/\/www.spottergps.com\/es\/2025\/02\/21\/la-enfermedad-de-alzheimer-un-nuevo-enfoque-de-cuidado-centrado-en-la-libertad\/","og_locale":"es_ES","og_type":"article","og_title":"La enfermedad de Alzheimer: un nuevo enfoque de cuidado | Spotter","og_description":"La enfermedad de Alzheimer es uno de los desaf\u00edos m\u00e1s complejos en el \u00e1mbito de la atenci\u00f3n sanitaria. No solo afecta la memoria y las funciones cognitivas del paciente, sino que tambi\u00e9n cambia la vida cotidiana de las familias y los cuidadores. Afortunadamente, un enfoque renovado de la atenci\u00f3n, centrado en la autonom\u00eda y el [&hellip;]","og_url":"https:\/\/www.spottergps.com\/es\/2025\/02\/21\/la-enfermedad-de-alzheimer-un-nuevo-enfoque-de-cuidado-centrado-en-la-libertad\/","og_site_name":"Spotter Spain","article_published_time":"2025-02-21T15:34:24+00:00","article_modified_time":"2025-10-14T07:24:41+00:00","og_image":[{"width":1280,"height":853,"url":"https:\/\/www.spottergps.com\/es\/wp-content\/uploads\/sites\/7\/2025\/02\/Ziekte-Alzheimer-gericht-vrijheid-1.jpg","type":"image\/jpeg"}],"author":"maaike","twitter_card":"summary_large_image","twitter_misc":{"Escrito por":"maaike","Tiempo de lectura":"4 minutes"},"schema":{"@context":"https:\/\/schema.org","@graph":[{"@type":"Article","@id":"https:\/\/www.spottergps.com\/es\/2025\/02\/21\/la-enfermedad-de-alzheimer-un-nuevo-enfoque-de-cuidado-centrado-en-la-libertad\/#article","isPartOf":{"@id":"https:\/\/www.spottergps.com\/es\/2025\/02\/21\/la-enfermedad-de-alzheimer-un-nuevo-enfoque-de-cuidado-centrado-en-la-libertad\/"},"author":{"name":"maaike","@id":"https:\/\/www.spottergps.com\/es\/#\/schema\/person\/43ae5096f76a84f9e5873ed056f428bc"},"headline":"La enfermedad de Alzheimer: un nuevo enfoque de cuidado centrado en la libertad","datePublished":"2025-02-21T15:34:24+00:00","dateModified":"2025-10-14T07:24:41+00:00","mainEntityOfPage":{"@id":"https:\/\/www.spottergps.com\/es\/2025\/02\/21\/la-enfermedad-de-alzheimer-un-nuevo-enfoque-de-cuidado-centrado-en-la-libertad\/"},"wordCount":723,"commentCount":0,"publisher":{"@id":"https:\/\/www.spottergps.com\/es\/#organization"},"image":{"@id":"https:\/\/www.spottergps.com\/es\/2025\/02\/21\/la-enfermedad-de-alzheimer-un-nuevo-enfoque-de-cuidado-centrado-en-la-libertad\/#primaryimage"},"thumbnailUrl":"https:\/\/www.spottergps.com\/es\/wp-content\/uploads\/sites\/7\/2025\/02\/Ziekte-Alzheimer-gericht-vrijheid-1.jpg","articleSection":["Niet gecategoriseerd"],"inLanguage":"es-ES","potentialAction":[{"@type":"CommentAction","name":"Comment","target":["https:\/\/www.spottergps.com\/es\/2025\/02\/21\/la-enfermedad-de-alzheimer-un-nuevo-enfoque-de-cuidado-centrado-en-la-libertad\/#respond"]}]},{"@type":"WebPage","@id":"https:\/\/www.spottergps.com\/es\/2025\/02\/21\/la-enfermedad-de-alzheimer-un-nuevo-enfoque-de-cuidado-centrado-en-la-libertad\/","url":"https:\/\/www.spottergps.com\/es\/2025\/02\/21\/la-enfermedad-de-alzheimer-un-nuevo-enfoque-de-cuidado-centrado-en-la-libertad\/","name":"La enfermedad de Alzheimer: un nuevo enfoque de cuidado | Spotter","isPartOf":{"@id":"https:\/\/www.spottergps.com\/es\/#website"},"primaryImageOfPage":{"@id":"https:\/\/www.spottergps.com\/es\/2025\/02\/21\/la-enfermedad-de-alzheimer-un-nuevo-enfoque-de-cuidado-centrado-en-la-libertad\/#primaryimage"},"image":{"@id":"https:\/\/www.spottergps.com\/es\/2025\/02\/21\/la-enfermedad-de-alzheimer-un-nuevo-enfoque-de-cuidado-centrado-en-la-libertad\/#primaryimage"},"thumbnailUrl":"https:\/\/www.spottergps.com\/es\/wp-content\/uploads\/sites\/7\/2025\/02\/Ziekte-Alzheimer-gericht-vrijheid-1.jpg","datePublished":"2025-02-21T15:34:24+00:00","dateModified":"2025-10-14T07:24:41+00:00","breadcrumb":{"@id":"https:\/\/www.spottergps.com\/es\/2025\/02\/21\/la-enfermedad-de-alzheimer-un-nuevo-enfoque-de-cuidado-centrado-en-la-libertad\/#breadcrumb"},"inLanguage":"es-ES","potentialAction":[{"@type":"ReadAction","target":["https:\/\/www.spottergps.com\/es\/2025\/02\/21\/la-enfermedad-de-alzheimer-un-nuevo-enfoque-de-cuidado-centrado-en-la-libertad\/"]}]},{"@type":"ImageObject","inLanguage":"es-ES","@id":"https:\/\/www.spottergps.com\/es\/2025\/02\/21\/la-enfermedad-de-alzheimer-un-nuevo-enfoque-de-cuidado-centrado-en-la-libertad\/#primaryimage","url":"https:\/\/www.spottergps.com\/es\/wp-content\/uploads\/sites\/7\/2025\/02\/Ziekte-Alzheimer-gericht-vrijheid-1.jpg","contentUrl":"https:\/\/www.spottergps.com\/es\/wp-content\/uploads\/sites\/7\/2025\/02\/Ziekte-Alzheimer-gericht-vrijheid-1.jpg","width":1280,"height":853},{"@type":"BreadcrumbList","@id":"https:\/\/www.spottergps.com\/es\/2025\/02\/21\/la-enfermedad-de-alzheimer-un-nuevo-enfoque-de-cuidado-centrado-en-la-libertad\/#breadcrumb","itemListElement":[{"@type":"ListItem","position":1,"name":"Home","item":"https:\/\/www.spottergps.com\/es\/"},{"@type":"ListItem","position":2,"name":"La enfermedad de Alzheimer: un nuevo enfoque de cuidado centrado en la libertad"}]},{"@type":"WebSite","@id":"https:\/\/www.spottergps.com\/es\/#website","url":"https:\/\/www.spottergps.com\/es\/","name":"Spotter Spain","description":"Para todo lo que amas","publisher":{"@id":"https:\/\/www.spottergps.com\/es\/#organization"},"potentialAction":[{"@type":"SearchAction","target":{"@type":"EntryPoint","urlTemplate":"https:\/\/www.spottergps.com\/es\/?s={search_term_string}"},"query-input":{"@type":"PropertyValueSpecification","valueRequired":true,"valueName":"search_term_string"}}],"inLanguage":"es-ES"},{"@type":"Organization","@id":"https:\/\/www.spottergps.com\/es\/#organization","name":"Spotter B.V.","url":"https:\/\/www.spottergps.com\/es\/","logo":{"@type":"ImageObject","inLanguage":"es-ES","@id":"https:\/\/www.spottergps.com\/es\/#\/schema\/logo\/image\/","url":"https:\/\/www.spottergps.com\/es\/wp-content\/uploads\/sites\/7\/2023\/09\/Spotter_logo.png","contentUrl":"https:\/\/www.spottergps.com\/es\/wp-content\/uploads\/sites\/7\/2023\/09\/Spotter_logo.png","width":1500,"height":696,"caption":"Spotter B.V."},"image":{"@id":"https:\/\/www.spottergps.com\/es\/#\/schema\/logo\/image\/"}},{"@type":"Person","@id":"https:\/\/www.spottergps.com\/es\/#\/schema\/person\/43ae5096f76a84f9e5873ed056f428bc","name":"maaike","image":{"@type":"ImageObject","inLanguage":"es-ES","@id":"https:\/\/www.spottergps.com\/es\/#\/schema\/person\/image\/","url":"https:\/\/secure.gravatar.com\/avatar\/ec4d9b313e05a62e7b62a1732b0f8e8c03450b27e68322ecc5323ddb9dd6f88c?s=96&d=mm&r=g","contentUrl":"https:\/\/secure.gravatar.com\/avatar\/ec4d9b313e05a62e7b62a1732b0f8e8c03450b27e68322ecc5323ddb9dd6f88c?s=96&d=mm&r=g","caption":"maaike"},"url":"https:\/\/www.spottergps.com\/es\/author\/maaike\/"}]}},"_links":{"self":[{"href":"https:\/\/www.spottergps.com\/es\/wp-json\/wp\/v2\/posts\/2162","targetHints":{"allow":["GET"]}}],"collection":[{"href":"https:\/\/www.spottergps.com\/es\/wp-json\/wp\/v2\/posts"}],"about":[{"href":"https:\/\/www.spottergps.com\/es\/wp-json\/wp\/v2\/types\/post"}],"author":[{"embeddable":true,"href":"https:\/\/www.spottergps.com\/es\/wp-json\/wp\/v2\/users\/17"}],"replies":[{"embeddable":true,"href":"https:\/\/www.spottergps.com\/es\/wp-json\/wp\/v2\/comments?post=2162"}],"version-history":[{"count":2,"href":"https:\/\/www.spottergps.com\/es\/wp-json\/wp\/v2\/posts\/2162\/revisions"}],"predecessor-version":[{"id":2165,"href":"https:\/\/www.spottergps.com\/es\/wp-json\/wp\/v2\/posts\/2162\/revisions\/2165"}],"wp:featuredmedia":[{"embeddable":true,"href":"https:\/\/www.spottergps.com\/es\/wp-json\/wp\/v2\/media\/2163"}],"wp:attachment":[{"href":"https:\/\/www.spottergps.com\/es\/wp-json\/wp\/v2\/media?parent=2162"}],"wp:term":[{"taxonomy":"category","embeddable":true,"href":"https:\/\/www.spottergps.com\/es\/wp-json\/wp\/v2\/categories?post=2162"},{"taxonomy":"post_tag","embeddable":true,"href":"https:\/\/www.spottergps.com\/es\/wp-json\/wp\/v2\/tags?post=2162"}],"curies":[{"name":"wp","href":"https:\/\/api.w.org\/{rel}","templated":true}]}}